{"id":1284,"date":"2021-03-04T08:17:11","date_gmt":"2021-03-04T08:17:11","guid":{"rendered":"http:\/\/tfskd-ankara.org.tr\/?p=1284"},"modified":"2021-03-04T08:17:11","modified_gmt":"2021-03-04T08:17:11","slug":"genel-kurul-ilani","status":"publish","type":"post","link":"http:\/\/tfskd-ankara.org.tr\/index.php\/2021\/03\/04\/genel-kurul-ilani\/","title":{"rendered":"GENEL KURUL \u0130LANI"},"content":{"rendered":"\n<p><strong>&nbsp;&nbsp;&nbsp; T\u00fcrkiye Futbol Saha Komiserleri Derne\u011fi Ankara \u015eubesinin 7.ola\u011fan genel kurulu y\u00f6netim kurulunun 04.03.2021 tarih ve 161 say\u0131l\u0131 karar\u0131 gere\u011fince \u00e7o\u011funluk sa\u011fland\u0131\u011f\u0131 &nbsp;takdirde <\/strong><strong>20.Mart.2021 Cumartesi g\u00fcn\u00fc 10.00 \/13.30 saatleri aras\u0131nda <\/strong><strong>a\u015fa\u011f\u0131da belirtilen adreste ve g\u00fcndem ile yap\u0131lacakt\u0131r.\u00c7o\u011funluk sa\u011flanmamas\u0131 durumunda <\/strong><strong>27.Mart.2021 Cumartesi g\u00fcn\u00fc<\/strong><strong> ayn\u0131 yerde ve saatte ayn\u0131 g\u00fcndem ile \u00e7o\u011funluk aranmaks\u0131z\u0131n yap\u0131lacakt\u0131r<\/strong><\/p>\n\n\n\n<p><strong>&nbsp;&nbsp;&nbsp;&nbsp; Sizlerden ricam\u0131z toplum ve kendi sa\u011fl\u0131\u011f\u0131m\u0131z i\u00e7in Temizlik Maske Mesafe kurallar\u0131n\u0131 ihlal etmeden sa\u011fl\u0131kl\u0131 bir \u015fekilde genel kurulumuzun yap\u0131lmas\u0131d\u0131r.<\/strong><\/p>\n\n\n\n<p><strong>Toplant\u0131 tarihi ve saati : 20.03.2021 Cumartesi&nbsp; 10.00\/13.30 aras\u0131<\/strong><\/p>\n\n\n\n<p><strong>Toplant\u0131 adresi&nbsp;&nbsp;&nbsp;&nbsp;&nbsp;&nbsp;&nbsp;&nbsp;&nbsp;&nbsp;&nbsp;&nbsp;&nbsp; &nbsp;:WONDERS Alpaslan T\u00fcrke\u015f Caddesi No:6\/E<\/strong><\/p>\n\n\n\n<p><strong>BE\u015eTEPE\/ANKARA (GEN\u00c7LERB\u0130RL\u0130\u011e\u0130 \u0130LHAN CAVCAV tesisleri yan\u0131)<\/strong><\/p>\n\n\n\n<p><strong>&nbsp;&nbsp;&nbsp;&nbsp;&nbsp;&nbsp;&nbsp;&nbsp;&nbsp;&nbsp;&nbsp;&nbsp;&nbsp;&nbsp;&nbsp;&nbsp;&nbsp;&nbsp;&nbsp;&nbsp;&nbsp;&nbsp;&nbsp;&nbsp;&nbsp;&nbsp;&nbsp;&nbsp; &nbsp;TOPLANTI&nbsp; <\/strong><strong>G\u00dcNDEM\u0130<\/strong><strong>&nbsp;&nbsp;&nbsp;&nbsp; &nbsp;<\/strong><\/p>\n\n\n\n<p><strong>1- A\u00c7ILI\u015e YOKLAMA SAYGI &nbsp;DURU\u015eU VE \u0130ST\u0130KLAL &nbsp;&nbsp;&nbsp;&nbsp;MAR\u015eIMIZIN OKUNMASI<\/strong><strong><\/strong><\/p>\n\n\n\n<p><strong>2- D\u0130VAN BA\u015eKANI&nbsp; VE \u00dcYELER\u0130N SE\u00c7\u0130M\u0130.<\/strong><\/p>\n\n\n\n<p><strong>3- Y\u00d6NET\u0130M &nbsp;KURULU &nbsp;FAAL\u0130YET &nbsp;RAPORUNUN &nbsp;OKUNMASI VE \u0130BRASI.<\/strong><\/p>\n\n\n\n<p><strong>4- DENET\u0130M KURULU RAPORUNUN OKUNMASI VE \u0130BRASI.<\/strong><\/p>\n\n\n\n<p><strong>5- TAHM\u0130N\u0130 &nbsp;B\u00dcT\u00c7EN\u0130N &nbsp;OKUNMASI &nbsp;VE &nbsp;\u0130BRASI.<\/strong><\/p>\n\n\n\n<p><strong>6- YILLIK A\u0130DAT VE G\u0130R\u0130\u015e A\u0130DATININ BEL\u0130RLENMES\u0130<\/strong><\/p>\n\n\n\n<p><strong>7- Y\u00d6NET\u0130M,DENET\u0130M ,D\u0130S\u0130PL\u0130N VE \u00dcST KURULLARIN &nbsp;\u00dcYELER\u0130N\u0130N SE\u00c7\u0130M\u0130.<\/strong><strong><\/strong><\/p>\n\n\n\n<p><strong>8- D\u0130LEK VE TEMENN\u0130LER<\/strong><strong> .<\/strong><strong><\/strong><\/p>\n\n\n\n<p><strong>9-KAPANI\u015e<\/strong><\/p>\n","protected":false},"excerpt":{"rendered":"<div class=\"mh-excerpt\"><p>&nbsp;&nbsp;&nbsp; T\u00fcrkiye Futbol Saha Komiserleri Derne\u011fi Ankara \u015eubesinin 7.ola\u011fan genel kurulu y\u00f6netim kurulunun 04.03.2021 tarih ve 161 say\u0131l\u0131 karar\u0131 gere\u011fince \u00e7o\u011funluk sa\u011fland\u0131\u011f\u0131 &nbsp;takdirde 20.Mart.2021 Cumartesi <a class=\"mh-excerpt-more\" href=\"http:\/\/tfskd-ankara.org.tr\/index.php\/2021\/03\/04\/genel-kurul-ilani\/\" title=\"GENEL KURUL \u0130LANI\">[&#8230;]<\/a><\/p>\n<\/div>","protected":false},"author":1,"featured_media":0,"comment_status":"open","ping_status":"closed","sticky":false,"template":"","format":"standard","meta":[],"categories":[1],"tags":[],"_links":{"self":[{"href":"http:\/\/tfskd-ankara.org.tr\/index.php\/wp-json\/wp\/v2\/posts\/1284"}],"collection":[{"href":"http:\/\/tfskd-ankara.org.tr\/index.php\/wp-json\/wp\/v2\/posts"}],"about":[{"href":"http:\/\/tfskd-ankara.org.tr\/index.php\/wp-json\/wp\/v2\/types\/post"}],"author":[{"embeddable":true,"href":"http:\/\/tfskd-ankara.org.tr\/index.php\/wp-json\/wp\/v2\/users\/1"}],"replies":[{"embeddable":true,"href":"http:\/\/tfskd-ankara.org.tr\/index.php\/wp-json\/wp\/v2\/comments?post=1284"}],"version-history":[{"count":1,"href":"http:\/\/tfskd-ankara.org.tr\/index.php\/wp-json\/wp\/v2\/posts\/1284\/revisions"}],"predecessor-version":[{"id":1285,"href":"http:\/\/tfskd-ankara.org.tr\/index.php\/wp-json\/wp\/v2\/posts\/1284\/revisions\/1285"}],"wp:attachment":[{"href":"http:\/\/tfskd-ankara.org.tr\/index.php\/wp-json\/wp\/v2\/media?parent=1284"}],"wp:term":[{"taxonomy":"category","embeddable":true,"href":"http:\/\/tfskd-ankara.org.tr\/index.php\/wp-json\/wp\/v2\/categories?post=1284"},{"taxonomy":"post_tag","embeddable":true,"href":"http:\/\/tfskd-ankara.org.tr\/index.php\/wp-json\/wp\/v2\/tags?post=1284"}],"curies":[{"name":"wp","href":"https:\/\/api.w.org\/{rel}","templated":true}]}}