{"id":975,"date":"2020-05-13T07:00:35","date_gmt":"2020-05-13T07:00:35","guid":{"rendered":"http:\/\/tfskd-ankara.org.tr\/?p=975"},"modified":"2020-05-13T07:19:10","modified_gmt":"2020-05-13T07:19:10","slug":"__trashed","status":"publish","type":"post","link":"http:\/\/tfskd-ankara.org.tr\/index.php\/2020\/05\/13\/__trashed\/","title":{"rendered":"Engelliler Haftas\u0131 kutlu olsun"},"content":{"rendered":"\n<p> Engelliler Haftas\u0131&#8217;n\u0131n t\u00fcm engelli bireylerimizin haklar\u0131n\u0131n korunmas\u0131 i\u00e7in toplumsal fark\u0131ndal\u0131k olu\u015fturmas\u0131n\u0131 ve onlar\u0131n ya\u015famlar\u0131n\u0131n daha kolayla\u015fmas\u0131 i\u00e7in de vesile olmas\u0131n\u0131 diliyorum .<\/p>\n\n\n\n<p>Bizlerde i\u015fitme engelliler futbol liginde engelli arkada\u015flar\u0131m\u0131za hizmet ediyoruz.Haftan\u0131n anlam\u0131na binaen i\u015fitme engelliler milli futbol tak\u0131m\u0131m\u0131z\u0131n resmini payla\u015fmaktan b\u00fcy\u00fck onur duyuyoruz.<\/p>\n\n\n\n<p> AKLIMIZDAN \u00c7IKARMAYALIM <\/p>\n\n\n\n<p>Engelliler bizlerin, yani milletin aynas\u0131n\u0131 olu\u015fturur .<\/p>\n","protected":false},"excerpt":{"rendered":"<div class=\"mh-excerpt\"><p>Engelliler Haftas\u0131&#8217;n\u0131n t\u00fcm engelli bireylerimizin haklar\u0131n\u0131n korunmas\u0131 i\u00e7in toplumsal fark\u0131ndal\u0131k olu\u015fturmas\u0131n\u0131 ve onlar\u0131n ya\u015famlar\u0131n\u0131n daha kolayla\u015fmas\u0131 i\u00e7in de vesile olmas\u0131n\u0131 diliyorum . Bizlerde i\u015fitme engelliler <a class=\"mh-excerpt-more\" href=\"http:\/\/tfskd-ankara.org.tr\/index.php\/2020\/05\/13\/__trashed\/\" title=\"Engelliler Haftas\u0131 kutlu olsun\">[&#8230;]<\/a><\/p>\n<\/div>","protected":false},"author":1,"featured_media":979,"comment_status":"open","ping_status":"closed","sticky":false,"template":"","format":"standard","meta":[],"categories":[1],"tags":[],"_links":{"self":[{"href":"http:\/\/tfskd-ankara.org.tr\/index.php\/wp-json\/wp\/v2\/posts\/975"}],"collection":[{"href":"http:\/\/tfskd-ankara.org.tr\/index.php\/wp-json\/wp\/v2\/posts"}],"about":[{"href":"http:\/\/tfskd-ankara.org.tr\/index.php\/wp-json\/wp\/v2\/types\/post"}],"author":[{"embeddable":true,"href":"http:\/\/tfskd-ankara.org.tr\/index.php\/wp-json\/wp\/v2\/users\/1"}],"replies":[{"embeddable":true,"href":"http:\/\/tfskd-ankara.org.tr\/index.php\/wp-json\/wp\/v2\/comments?post=975"}],"version-history":[{"count":6,"href":"http:\/\/tfskd-ankara.org.tr\/index.php\/wp-json\/wp\/v2\/posts\/975\/revisions"}],"predecessor-version":[{"id":984,"href":"http:\/\/tfskd-ankara.org.tr\/index.php\/wp-json\/wp\/v2\/posts\/975\/revisions\/984"}],"wp:featuredmedia":[{"embeddable":true,"href":"http:\/\/tfskd-ankara.org.tr\/index.php\/wp-json\/wp\/v2\/media\/979"}],"wp:attachment":[{"href":"http:\/\/tfskd-ankara.org.tr\/index.php\/wp-json\/wp\/v2\/media?parent=975"}],"wp:term":[{"taxonomy":"category","embeddable":true,"href":"http:\/\/tfskd-ankara.org.tr\/index.php\/wp-json\/wp\/v2\/categories?post=975"},{"taxonomy":"post_tag","embeddable":true,"href":"http:\/\/tfskd-ankara.org.tr\/index.php\/wp-json\/wp\/v2\/tags?post=975"}],"curies":[{"name":"wp","href":"https:\/\/api.w.org\/{rel}","templated":true}]}}